{"id":985,"date":"2025-05-26T14:40:02","date_gmt":"2025-05-26T12:40:02","guid":{"rendered":"https:\/\/www.vir.nrw.de\/?p=985"},"modified":"2025-05-26T14:40:02","modified_gmt":"2025-05-26T12:40:02","slug":"vir-fortbildung-in-neumuenster","status":"publish","type":"post","link":"https:\/\/www.vir.nrw.de\/?p=985","title":{"rendered":"VIR-Fortbildung in Neum\u00fcnster"},"content":{"rendered":"<p>Die Bildungs- und Informationsstelle f\u00fcr Demokratiekompetenz bietet vom 9. bis 11. Dezember 2025 in Neum\u00fcnster eine VIR-Fortbildung an. Sie ist f\u00fcr Teilnehmende kostenfrei, die Anmeldung ist ab sofort m\u00f6glich. N\u00e4here Informationen finden Sie <a href=\"https:\/\/bid-sh.de\/veraenderungsimpulse-setzen-bei-demokratieskeptischen-jugendlichen-und-jungen-erwachsenen\/\" rel=\"noopener\" target=\"_blank\">hier<\/a>.<\/p>\n","protected":false},"excerpt":{"rendered":"<p>Die Bildungs- und Informationsstelle f\u00fcr Demokratiekompetenz bietet vom 9. bis 11. Dezember 2025 in Neum\u00fcnster eine VIR-Fortbildung an. Sie ist f\u00fcr Teilnehmende kostenfrei, die Anmeldung ist ab sofort m\u00f6glich. N\u00e4here Informationen finden Sie hier.<\/p>\n","protected":false},"author":1,"featured_media":0,"comment_status":"closed","ping_status":"closed","sticky":false,"template":"","format":"standard","meta":{"footnotes":""},"categories":[1],"tags":[],"class_list":["post-985","post","type-post","status-publish","format-standard","hentry","category-allgemein"],"_links":{"self":[{"href":"https:\/\/www.vir.nrw.de\/index.php?rest_route=\/wp\/v2\/posts\/985","targetHints":{"allow":["GET"]}}],"collection":[{"href":"https:\/\/www.vir.nrw.de\/index.php?rest_route=\/wp\/v2\/posts"}],"about":[{"href":"https:\/\/www.vir.nrw.de\/index.php?rest_route=\/wp\/v2\/types\/post"}],"author":[{"embeddable":true,"href":"https:\/\/www.vir.nrw.de\/index.php?rest_route=\/wp\/v2\/users\/1"}],"replies":[{"embeddable":true,"href":"https:\/\/www.vir.nrw.de\/index.php?rest_route=%2Fwp%2Fv2%2Fcomments&post=985"}],"version-history":[{"count":1,"href":"https:\/\/www.vir.nrw.de\/index.php?rest_route=\/wp\/v2\/posts\/985\/revisions"}],"predecessor-version":[{"id":986,"href":"https:\/\/www.vir.nrw.de\/index.php?rest_route=\/wp\/v2\/posts\/985\/revisions\/986"}],"wp:attachment":[{"href":"https:\/\/www.vir.nrw.de\/index.php?rest_route=%2Fwp%2Fv2%2Fmedia&parent=985"}],"wp:term":[{"taxonomy":"category","embeddable":true,"href":"https:\/\/www.vir.nrw.de\/index.php?rest_route=%2Fwp%2Fv2%2Fcategories&post=985"},{"taxonomy":"post_tag","embeddable":true,"href":"https:\/\/www.vir.nrw.de\/index.php?rest_route=%2Fwp%2Fv2%2Ftags&post=985"}],"curies":[{"name":"wp","href":"https:\/\/api.w.org\/{rel}","templated":true}]}}