{"id":888,"date":"2023-02-27T12:22:41","date_gmt":"2023-02-27T10:22:41","guid":{"rendered":"https:\/\/www.vir.nrw.de\/?p=888"},"modified":"2023-12-11T10:22:39","modified_gmt":"2023-12-11T08:22:39","slug":"qualifizierung-fuer-einzel-aat","status":"publish","type":"post","link":"https:\/\/www.vir.nrw.de\/?p=888","title":{"rendered":"Qualifizierung f\u00fcr Einzel-AAT\u00ae"},"content":{"rendered":"\n<p>Die VIR-Trainerin und AAT\u00ae-Ausbilderin Anja Gerres bietet gemeinsam mit Laura Ohlemacher eine <a href=\"https:\/\/www.konfrontative-paedagogik.de\/aktuell\/zertifizierte-qualifizierung-einzel-aat-trainer-trainerin\">zertifizierte Qualifizierung zum\/zur Einzel-AAT\u00ae-Trainer und Trainerin<\/a> an. Veranstalter ist das Deutsche Institut f\u00fcr konfrontative P\u00e4dagogik. Die Qualifizierung findet in vier Bl\u00f6cken ab dem 17. August 2023 in Duisburg statt. N\u00e4heres finden Sie <a href=\"http:\/\/www.vir.nrw.de\/wp-content\/uploads\/Zertifizierte-Qualifizierung-Einzel.docx\" data-type=\"URL\" data-id=\"http:\/\/www.vir.nrw.de\/wp-content\/uploads\/Zertifizierte-Qualifizierung-Einzel.docx\">hier<\/a>.<\/p>\n","protected":false},"excerpt":{"rendered":"<p>Die VIR-Trainerin und AAT\u00ae-Ausbilderin Anja Gerres bietet gemeinsam mit Laura Ohlemacher eine zertifizierte Qualifizierung zum\/zur Einzel-AAT\u00ae-Trainer und Trainerin an. Veranstalter ist das Deutsche Institut f\u00fcr konfrontative P\u00e4dagogik. Die Qualifizierung findet in vier Bl\u00f6cken ab dem 17. August 2023 in Duisburg statt. N\u00e4heres finden Sie hier.<\/p>\n","protected":false},"author":1,"featured_media":0,"comment_status":"closed","ping_status":"closed","sticky":false,"template":"","format":"standard","meta":{"footnotes":""},"categories":[1],"tags":[],"class_list":["post-888","post","type-post","status-publish","format-standard","hentry","category-allgemein"],"_links":{"self":[{"href":"https:\/\/www.vir.nrw.de\/index.php?rest_route=\/wp\/v2\/posts\/888","targetHints":{"allow":["GET"]}}],"collection":[{"href":"https:\/\/www.vir.nrw.de\/index.php?rest_route=\/wp\/v2\/posts"}],"about":[{"href":"https:\/\/www.vir.nrw.de\/index.php?rest_route=\/wp\/v2\/types\/post"}],"author":[{"embeddable":true,"href":"https:\/\/www.vir.nrw.de\/index.php?rest_route=\/wp\/v2\/users\/1"}],"replies":[{"embeddable":true,"href":"https:\/\/www.vir.nrw.de\/index.php?rest_route=%2Fwp%2Fv2%2Fcomments&post=888"}],"version-history":[{"count":3,"href":"https:\/\/www.vir.nrw.de\/index.php?rest_route=\/wp\/v2\/posts\/888\/revisions"}],"predecessor-version":[{"id":915,"href":"https:\/\/www.vir.nrw.de\/index.php?rest_route=\/wp\/v2\/posts\/888\/revisions\/915"}],"wp:attachment":[{"href":"https:\/\/www.vir.nrw.de\/index.php?rest_route=%2Fwp%2Fv2%2Fmedia&parent=888"}],"wp:term":[{"taxonomy":"category","embeddable":true,"href":"https:\/\/www.vir.nrw.de\/index.php?rest_route=%2Fwp%2Fv2%2Fcategories&post=888"},{"taxonomy":"post_tag","embeddable":true,"href":"https:\/\/www.vir.nrw.de\/index.php?rest_route=%2Fwp%2Fv2%2Ftags&post=888"}],"curies":[{"name":"wp","href":"https:\/\/api.w.org\/{rel}","templated":true}]}}