{"id":878,"date":"2022-12-09T11:22:09","date_gmt":"2022-12-09T09:22:09","guid":{"rendered":"https:\/\/www.vir.nrw.de\/?p=878"},"modified":"2022-12-09T11:22:09","modified_gmt":"2022-12-09T09:22:09","slug":"vir-fortbildung-von-ida-nrw","status":"publish","type":"post","link":"https:\/\/www.vir.nrw.de\/?p=878","title":{"rendered":"VIR-Fortbildung von IDA-NRW"},"content":{"rendered":"\n<p>Das Informations- und Dokumentationszentrum f\u00fcr Antirassismusarbeit in Nordrhein-Westfalen (IDA-NRW) bietet 2023 eine VIR-Fortbildung an.<br>Die Veranstaltung findet vom 07.02.23 &#8211; 08.02.23 in K\u00f6ln statt, Anmeldungen sind ab jetzt m\u00f6glich. Alle weiteren Informationen k\u00f6nnen Sie dem <a href=\"https:\/\/www.vir.nrw.de\/wp-content\/uploads\/Flyer_VIR-Fobi-2023.pdf\" data-type=\"attachment\" data-id=\"877\">Flyer <\/a>entnehmen.<\/p>\n","protected":false},"excerpt":{"rendered":"<p>Das Informations- und Dokumentationszentrum f\u00fcr Antirassismusarbeit in Nordrhein-Westfalen (IDA-NRW) bietet 2023 eine VIR-Fortbildung an.Die Veranstaltung findet vom 07.02.23 &#8211; 08.02.23 in K\u00f6ln statt, Anmeldungen sind ab jetzt m\u00f6glich. Alle weiteren Informationen k\u00f6nnen Sie dem Flyer entnehmen.<\/p>\n","protected":false},"author":1,"featured_media":0,"comment_status":"closed","ping_status":"closed","sticky":false,"template":"","format":"standard","meta":{"footnotes":""},"categories":[1],"tags":[],"class_list":["post-878","post","type-post","status-publish","format-standard","hentry","category-allgemein"],"_links":{"self":[{"href":"https:\/\/www.vir.nrw.de\/index.php?rest_route=\/wp\/v2\/posts\/878","targetHints":{"allow":["GET"]}}],"collection":[{"href":"https:\/\/www.vir.nrw.de\/index.php?rest_route=\/wp\/v2\/posts"}],"about":[{"href":"https:\/\/www.vir.nrw.de\/index.php?rest_route=\/wp\/v2\/types\/post"}],"author":[{"embeddable":true,"href":"https:\/\/www.vir.nrw.de\/index.php?rest_route=\/wp\/v2\/users\/1"}],"replies":[{"embeddable":true,"href":"https:\/\/www.vir.nrw.de\/index.php?rest_route=%2Fwp%2Fv2%2Fcomments&post=878"}],"version-history":[{"count":1,"href":"https:\/\/www.vir.nrw.de\/index.php?rest_route=\/wp\/v2\/posts\/878\/revisions"}],"predecessor-version":[{"id":879,"href":"https:\/\/www.vir.nrw.de\/index.php?rest_route=\/wp\/v2\/posts\/878\/revisions\/879"}],"wp:attachment":[{"href":"https:\/\/www.vir.nrw.de\/index.php?rest_route=%2Fwp%2Fv2%2Fmedia&parent=878"}],"wp:term":[{"taxonomy":"category","embeddable":true,"href":"https:\/\/www.vir.nrw.de\/index.php?rest_route=%2Fwp%2Fv2%2Fcategories&post=878"},{"taxonomy":"post_tag","embeddable":true,"href":"https:\/\/www.vir.nrw.de\/index.php?rest_route=%2Fwp%2Fv2%2Ftags&post=878"}],"curies":[{"name":"wp","href":"https:\/\/api.w.org\/{rel}","templated":true}]}}