{"id":857,"date":"2022-08-02T17:09:35","date_gmt":"2022-08-02T15:09:35","guid":{"rendered":"https:\/\/www.vir.nrw.de\/?p=857"},"modified":"2022-08-15T09:41:11","modified_gmt":"2022-08-15T07:41:11","slug":"vir-trainerinnen-treffen-fachworkshop-selektive-rechtsextremismuspraevention","status":"publish","type":"post","link":"https:\/\/www.vir.nrw.de\/?p=857","title":{"rendered":"VIR-Trainer*innen-Treffen &#038; Fachworkshop \u201eSelektive Rechtsextremismuspr\u00e4vention\u201c"},"content":{"rendered":"\n<p><strong>20.10.2022<\/strong><\/p>\n\n\n\n<p>Am 20. Oktober findet das j\u00e4hrliche VIR-Trainer*innen-Treffen in der Sportschule Hennef statt.<br>Neben dem \u201eMeet &amp; Greet\u201c wird es in diesem Jahr vier Vortr\u00e4ge\/Praxisimpulse zum Schwerpunktthema politische\/historische\/kulturelle Bildung geben:<\/p>\n\n\n\n<ul class=\"wp-block-list\"><li>Anja Plesser, Leiterin Volkshochschule Soest<\/li><li>Sabine Weber, Leiterin Bildung, Internationaler Platz Vogelsang IP<\/li><li>Prof. Dr. B\u00fcnyamin Werker, Hochschule Hannover<\/li><li>Stefan Wo\u00dfmann, Leiter Respekt-B\u00fcro der Stadt Dortmund.<\/li><\/ul>\n\n\n\n<p><strong>21.10.2022<\/strong><br>Am 21. Oktober findet der Fachworkshop \u201eSelektive Rechtsextremismuspr\u00e4vention\u201c ebenso in der Sportschule Hennef statt. Dieser beinhaltet drei spannenden Fachvortr\u00e4ge am Vormittag sowie ein vielf\u00e4ltig besetztes World Caf\u00e9 am Nachmittag.<\/p>\n\n\n\n<p><strong>Vormittags:<\/strong><\/p>\n\n\n\n<p>Selektive Pr\u00e4vention \u2013 was ist das eigentlich? \u2013 Michaela Glaser, Berghof Foundation, Berlin<\/p>\n\n\n\n<p>Projekte und Konzepte im \u00dcberblick \u2013 Silke Baer, cultures interactive e.V., Berlin<\/p>\n\n\n\n<p>Selektive Pr\u00e4vention \u2013 ein blinder Fleck der Rechtsextremismuspr\u00e4vention? (Kommentar) \u2013 Reinhard Koch, Archiv und Informationsstelle Rechtsextremismus e.V., Braunschweig<\/p>\n\n\n\n<p><strong>Nachmittags:<\/strong><\/p>\n\n\n\n<p>Ans\u00e4tze \u2013 Konzepte \u2013 Erfahrungen (World Caf\u00e9) mit:<\/p>\n\n\n\n<ul class=\"wp-block-list\"><li>Aktion Zivilcourage (Pirna, Sachsen), <a rel=\"noreferrer noopener\" href=\"http:\/\/www.aktion-zivilcourage.de\" target=\"_BLANK\">www.aktion-zivilcourage.de<\/a><\/li><li>Beratung von Eltern und Bezugspersonen rechtsextrem orientierter Jugendlicher in NRW (IDA-NRW), <a href=\"http:\/\/www.ida-nrw.de\/themen\/rechtsextremismus\/elternberatungsnetzwerk\">www.ida-nrw.de\/themen\/rechtsextremismus\/elternberatungsnetzwerk<\/a><\/li><li>Frauen* im Fokus der Pr\u00e4ventionsarbeit (cultures interactive e.V., Berlin), <a rel=\"noreferrer noopener\" href=\"http:\/\/www.cultures-interactive.de\/de\/frauenpraeventionsarbeit.html\" target=\"_BLANK\">www.cultures-interactive.de\/de\/frauenpraeventionsarbeit.html<\/a><\/li><li>Kieler Antigewalt- und Sozialtraining (KAST e.V.), <a rel=\"noreferrer noopener\" href=\"http:\/\/www.kast-sh.de\" target=\"_BLANK\">www.kast-sh.de<\/a><\/li><li>Landesarbeitsgemeinschaft der Fanprojekte NRW, <a rel=\"noreferrer noopener\" href=\"http:\/\/www.lag-fanprojekte-nrw.de\" target=\"_BLANK\">www.lag-fanprojekte-nrw.de<\/a><\/li><li>Rote Linie &#8211; p\u00e4dagogische Fachstelle Rechtsextremismus (Hessen), <a rel=\"noreferrer noopener\" href=\"http:\/\/www.rote-linie.net\" target=\"_BLANK\">www.rote-linie.net<\/a><\/li><li>R\u00fcckwege &#8211; Auf der Schwelle zum Rechtsextremismus (Rheinland-Pfalz), <a rel=\"noreferrer noopener\" href=\"http:\/\/www.demokratiezentrum.rlp.de\/de\/angebote\/distanzierungsberatung\/rueckwege\/\" target=\"_BLANK\">www.demokratiezentrum.rlp.de\/de\/angebote\/distanzierungsberatung\/rueckwege\/<\/a><\/li><li>spot. Streetwork. Pr\u00e4vention. Orientierung. Teilhabe (Verein zur F\u00f6rderung akzeptierender Jugendarbeit e.V., VAJA, Bremen), <a rel=\"noreferrer noopener\" href=\"http:\/\/www.vaja-bremen.de\/teams\/spot\/\" target=\"_BLANK\">www.vaja-bremen.de\/teams\/spot\/<\/a><\/li><li>U-Turn \u2013 Wege aus dem Rechtsextremismus und der Gewalt (Dortmund), <a href=\"http:\/\/www.u-turn-do.de\">www.u-turn-do.de<\/a><\/li><li>Violence Prevention Network (Berlin), <a href=\"http:\/\/www.violence-prevention-network.de\">www.violence-prevention-network.de<\/a>.<\/li><\/ul>\n\n\n\n<p>Alle weiteren Informationen finden Sie <a href=\"http:\/\/www.vir.nrw.de\/wp-content\/uploads\/VIR_Flyer_2022_2_4.pdf\" data-type=\"URL\" data-id=\"http:\/\/www.vir.nrw.de\/wp-content\/uploads\/VIR_Flyer_2022_2_4.pdf\" target=\"_blank\" rel=\"noreferrer noopener\">hier<\/a>.<\/p>\n","protected":false},"excerpt":{"rendered":"<p>20.10.2022 Am 20. Oktober findet das j\u00e4hrliche VIR-Trainer*innen-Treffen in der Sportschule Hennef statt.Neben dem \u201eMeet &amp; Greet\u201c wird es in diesem Jahr vier Vortr\u00e4ge\/Praxisimpulse zum Schwerpunktthema politische\/historische\/kulturelle Bildung geben: Anja Plesser, Leiterin Volkshochschule Soest Sabine Weber, Leiterin Bildung, Internationaler Platz Vogelsang IP Prof. Dr. B\u00fcnyamin Werker, Hochschule Hannover Stefan Wo\u00dfmann, Leiter Respekt-B\u00fcro der Stadt Dortmund. &hellip; <a href=\"https:\/\/www.vir.nrw.de\/?p=857\" class=\"more-link\"><span class=\"screen-reader-text\">VIR-Trainer*innen-Treffen &#038; Fachworkshop \u201eSelektive Rechtsextremismuspr\u00e4vention\u201c<\/span> weiterlesen <span class=\"meta-nav\">&rarr;<\/span><\/a><\/p>\n","protected":false},"author":1,"featured_media":0,"comment_status":"closed","ping_status":"closed","sticky":false,"template":"","format":"standard","meta":{"footnotes":""},"categories":[1],"tags":[],"class_list":["post-857","post","type-post","status-publish","format-standard","hentry","category-allgemein"],"_links":{"self":[{"href":"https:\/\/www.vir.nrw.de\/index.php?rest_route=\/wp\/v2\/posts\/857","targetHints":{"allow":["GET"]}}],"collection":[{"href":"https:\/\/www.vir.nrw.de\/index.php?rest_route=\/wp\/v2\/posts"}],"about":[{"href":"https:\/\/www.vir.nrw.de\/index.php?rest_route=\/wp\/v2\/types\/post"}],"author":[{"embeddable":true,"href":"https:\/\/www.vir.nrw.de\/index.php?rest_route=\/wp\/v2\/users\/1"}],"replies":[{"embeddable":true,"href":"https:\/\/www.vir.nrw.de\/index.php?rest_route=%2Fwp%2Fv2%2Fcomments&post=857"}],"version-history":[{"count":3,"href":"https:\/\/www.vir.nrw.de\/index.php?rest_route=\/wp\/v2\/posts\/857\/revisions"}],"predecessor-version":[{"id":862,"href":"https:\/\/www.vir.nrw.de\/index.php?rest_route=\/wp\/v2\/posts\/857\/revisions\/862"}],"wp:attachment":[{"href":"https:\/\/www.vir.nrw.de\/index.php?rest_route=%2Fwp%2Fv2%2Fmedia&parent=857"}],"wp:term":[{"taxonomy":"category","embeddable":true,"href":"https:\/\/www.vir.nrw.de\/index.php?rest_route=%2Fwp%2Fv2%2Fcategories&post=857"},{"taxonomy":"post_tag","embeddable":true,"href":"https:\/\/www.vir.nrw.de\/index.php?rest_route=%2Fwp%2Fv2%2Ftags&post=857"}],"curies":[{"name":"wp","href":"https:\/\/api.w.org\/{rel}","templated":true}]}}