{"id":728,"date":"2019-08-23T15:15:26","date_gmt":"2019-08-23T13:15:26","guid":{"rendered":"http:\/\/www.vir.nrw.de\/?p=728"},"modified":"2019-10-16T15:16:25","modified_gmt":"2019-10-16T13:16:25","slug":"vir-fortbildung-der-bundesarbeitsgemeinschaft-der-fanprojekte-e-v","status":"publish","type":"post","link":"https:\/\/www.vir.nrw.de\/?p=728","title":{"rendered":"VIR-Fortbildung der Bundesarbeitsgemeinschaft der Fanprojekte e.V."},"content":{"rendered":"<p>Die LAG-Fachstelle hat in Kooperation mit Kris Beer von \u201eDynamisch in die Zukunft\u201c im Rahmen der Ost-Verbundtagung der Bundesarbeitsgemeinschaft der Fanprojekte e.V. am 14.-15. August eine VIR-Fortbildung durchgef\u00fchrt. Einen kurzen Bericht \u00fcber die Fortbildung finden Sie <a href=\"http:\/\/www.lag-fanprojekte-nrw.de\/fachspezifisches-qualifizierungsangebot-im-rahmen-der-bag-ost-in-neustrelitz\">hier<\/a>.<\/p>\n<p>Die Fanprojekte pr\u00e4sentieren vom 1. bis zum 21. Oktober 2019 in Bochum die Fussball Kulturtage NRW. Den Programmflyer finden Sie <a href=\"http:\/\/www.fussballkulturtage-nrw.de\/Flyer-fussball-kulturtage-201908-screen.pdf\">hier<\/a>.<\/p>\n","protected":false},"excerpt":{"rendered":"<p>Die LAG-Fachstelle hat in Kooperation mit Kris Beer von \u201eDynamisch in die Zukunft\u201c im Rahmen der Ost-Verbundtagung der Bundesarbeitsgemeinschaft der Fanprojekte e.V. am 14.-15. August eine VIR-Fortbildung durchgef\u00fchrt. Einen kurzen Bericht \u00fcber die Fortbildung finden Sie hier. Die Fanprojekte pr\u00e4sentieren vom 1. bis zum 21. Oktober 2019 in Bochum die Fussball Kulturtage NRW. Den Programmflyer &hellip; <a href=\"https:\/\/www.vir.nrw.de\/?p=728\" class=\"more-link\"><span class=\"screen-reader-text\">VIR-Fortbildung der Bundesarbeitsgemeinschaft der Fanprojekte e.V.<\/span> weiterlesen <span class=\"meta-nav\">&rarr;<\/span><\/a><\/p>\n","protected":false},"author":1,"featured_media":0,"comment_status":"closed","ping_status":"closed","sticky":false,"template":"","format":"standard","meta":{"footnotes":""},"categories":[1],"tags":[],"class_list":["post-728","post","type-post","status-publish","format-standard","hentry","category-allgemein"],"_links":{"self":[{"href":"https:\/\/www.vir.nrw.de\/index.php?rest_route=\/wp\/v2\/posts\/728","targetHints":{"allow":["GET"]}}],"collection":[{"href":"https:\/\/www.vir.nrw.de\/index.php?rest_route=\/wp\/v2\/posts"}],"about":[{"href":"https:\/\/www.vir.nrw.de\/index.php?rest_route=\/wp\/v2\/types\/post"}],"author":[{"embeddable":true,"href":"https:\/\/www.vir.nrw.de\/index.php?rest_route=\/wp\/v2\/users\/1"}],"replies":[{"embeddable":true,"href":"https:\/\/www.vir.nrw.de\/index.php?rest_route=%2Fwp%2Fv2%2Fcomments&post=728"}],"version-history":[{"count":1,"href":"https:\/\/www.vir.nrw.de\/index.php?rest_route=\/wp\/v2\/posts\/728\/revisions"}],"predecessor-version":[{"id":729,"href":"https:\/\/www.vir.nrw.de\/index.php?rest_route=\/wp\/v2\/posts\/728\/revisions\/729"}],"wp:attachment":[{"href":"https:\/\/www.vir.nrw.de\/index.php?rest_route=%2Fwp%2Fv2%2Fmedia&parent=728"}],"wp:term":[{"taxonomy":"category","embeddable":true,"href":"https:\/\/www.vir.nrw.de\/index.php?rest_route=%2Fwp%2Fv2%2Fcategories&post=728"},{"taxonomy":"post_tag","embeddable":true,"href":"https:\/\/www.vir.nrw.de\/index.php?rest_route=%2Fwp%2Fv2%2Ftags&post=728"}],"curies":[{"name":"wp","href":"https:\/\/api.w.org\/{rel}","templated":true}]}}