{"id":606,"date":"2018-04-06T10:46:15","date_gmt":"2018-04-06T08:46:15","guid":{"rendered":"http:\/\/www.vir.nrw.de\/?p=606"},"modified":"2018-04-06T10:46:15","modified_gmt":"2018-04-06T08:46:15","slug":"vir-auf-dem-deutschen-praeventionstag","status":"publish","type":"post","link":"https:\/\/www.vir.nrw.de\/?p=606","title":{"rendered":"VIR auf dem Deutschen Pr\u00e4ventionstag"},"content":{"rendered":"<p>VIR stellt sich am 11. Juni auf dem Deutschen Pr\u00e4ventionstag vor, der in diesem Jahr in Dresden stattfindet. Der Pr\u00e4ventionstag ist der weltweit gr\u00f6\u00dfte Kongress f\u00fcr Kriminalpr\u00e4vention und angrenzende Pr\u00e4ventionsbereiche. N\u00e4heres zum VIR-Projektspot finden Sie <a href=\"http:\/\/www.praeventionstag.de\/nano.cms\/dpt-23-kongressprogramm?xa=details&#038;id=142\">hier<\/a>.  <\/p>\n","protected":false},"excerpt":{"rendered":"<p>VIR stellt sich am 11. Juni auf dem Deutschen Pr\u00e4ventionstag vor, der in diesem Jahr in Dresden stattfindet. Der Pr\u00e4ventionstag ist der weltweit gr\u00f6\u00dfte Kongress f\u00fcr Kriminalpr\u00e4vention und angrenzende Pr\u00e4ventionsbereiche. N\u00e4heres zum VIR-Projektspot finden Sie hier.<\/p>\n","protected":false},"author":1,"featured_media":0,"comment_status":"closed","ping_status":"closed","sticky":false,"template":"","format":"standard","meta":{"footnotes":""},"categories":[1],"tags":[],"class_list":["post-606","post","type-post","status-publish","format-standard","hentry","category-allgemein"],"_links":{"self":[{"href":"https:\/\/www.vir.nrw.de\/index.php?rest_route=\/wp\/v2\/posts\/606","targetHints":{"allow":["GET"]}}],"collection":[{"href":"https:\/\/www.vir.nrw.de\/index.php?rest_route=\/wp\/v2\/posts"}],"about":[{"href":"https:\/\/www.vir.nrw.de\/index.php?rest_route=\/wp\/v2\/types\/post"}],"author":[{"embeddable":true,"href":"https:\/\/www.vir.nrw.de\/index.php?rest_route=\/wp\/v2\/users\/1"}],"replies":[{"embeddable":true,"href":"https:\/\/www.vir.nrw.de\/index.php?rest_route=%2Fwp%2Fv2%2Fcomments&post=606"}],"version-history":[{"count":1,"href":"https:\/\/www.vir.nrw.de\/index.php?rest_route=\/wp\/v2\/posts\/606\/revisions"}],"predecessor-version":[{"id":607,"href":"https:\/\/www.vir.nrw.de\/index.php?rest_route=\/wp\/v2\/posts\/606\/revisions\/607"}],"wp:attachment":[{"href":"https:\/\/www.vir.nrw.de\/index.php?rest_route=%2Fwp%2Fv2%2Fmedia&parent=606"}],"wp:term":[{"taxonomy":"category","embeddable":true,"href":"https:\/\/www.vir.nrw.de\/index.php?rest_route=%2Fwp%2Fv2%2Fcategories&post=606"},{"taxonomy":"post_tag","embeddable":true,"href":"https:\/\/www.vir.nrw.de\/index.php?rest_route=%2Fwp%2Fv2%2Ftags&post=606"}],"curies":[{"name":"wp","href":"https:\/\/api.w.org\/{rel}","templated":true}]}}