{"id":577,"date":"2018-02-13T11:07:35","date_gmt":"2018-02-13T09:07:35","guid":{"rendered":"http:\/\/www.vir.nrw.de\/?p=577"},"modified":"2018-02-13T11:10:36","modified_gmt":"2018-02-13T09:10:36","slug":"trainerinnen-ausbildung-2018-anmeldungen-jetzt-moeglich","status":"publish","type":"post","link":"https:\/\/www.vir.nrw.de\/?p=577","title":{"rendered":"Trainer\/innen-Ausbildung 2018 \u2013 Anmeldungen jetzt m\u00f6glich"},"content":{"rendered":"<p>Ab sofort k\u00f6nnen sich Interessierte f\u00fcr die Trainer\/innen-Ausbildung 2018 anmelden, die in diesem Jahr im DGB Jugendbildungszentrum in Hattingen stattfindet. Wie im Jahr 2017 richtet sich die Veranstaltung an Teilnehmende aus allen Bundesl\u00e4ndern. N\u00e4here Informationen zur Trainer\/innen-Ausbildung finden Sie <a href=\"https:\/\/www.vir.nrw.de\/wp-content\/uploads\/VIR-Trainerausbildung_2018.pdf\" rel=\"noopener\" target=\"_blank\">hier<\/a>. <\/p>\n","protected":false},"excerpt":{"rendered":"<p>Ab sofort k\u00f6nnen sich Interessierte f\u00fcr die Trainer\/innen-Ausbildung 2018 anmelden, die in diesem Jahr im DGB Jugendbildungszentrum in Hattingen stattfindet. Wie im Jahr 2017 richtet sich die Veranstaltung an Teilnehmende aus allen Bundesl\u00e4ndern. N\u00e4here Informationen zur Trainer\/innen-Ausbildung finden Sie hier.<\/p>\n","protected":false},"author":1,"featured_media":0,"comment_status":"closed","ping_status":"closed","sticky":false,"template":"","format":"standard","meta":{"footnotes":""},"categories":[1],"tags":[],"class_list":["post-577","post","type-post","status-publish","format-standard","hentry","category-allgemein"],"_links":{"self":[{"href":"https:\/\/www.vir.nrw.de\/index.php?rest_route=\/wp\/v2\/posts\/577","targetHints":{"allow":["GET"]}}],"collection":[{"href":"https:\/\/www.vir.nrw.de\/index.php?rest_route=\/wp\/v2\/posts"}],"about":[{"href":"https:\/\/www.vir.nrw.de\/index.php?rest_route=\/wp\/v2\/types\/post"}],"author":[{"embeddable":true,"href":"https:\/\/www.vir.nrw.de\/index.php?rest_route=\/wp\/v2\/users\/1"}],"replies":[{"embeddable":true,"href":"https:\/\/www.vir.nrw.de\/index.php?rest_route=%2Fwp%2Fv2%2Fcomments&post=577"}],"version-history":[{"count":4,"href":"https:\/\/www.vir.nrw.de\/index.php?rest_route=\/wp\/v2\/posts\/577\/revisions"}],"predecessor-version":[{"id":583,"href":"https:\/\/www.vir.nrw.de\/index.php?rest_route=\/wp\/v2\/posts\/577\/revisions\/583"}],"wp:attachment":[{"href":"https:\/\/www.vir.nrw.de\/index.php?rest_route=%2Fwp%2Fv2%2Fmedia&parent=577"}],"wp:term":[{"taxonomy":"category","embeddable":true,"href":"https:\/\/www.vir.nrw.de\/index.php?rest_route=%2Fwp%2Fv2%2Fcategories&post=577"},{"taxonomy":"post_tag","embeddable":true,"href":"https:\/\/www.vir.nrw.de\/index.php?rest_route=%2Fwp%2Fv2%2Ftags&post=577"}],"curies":[{"name":"wp","href":"https:\/\/api.w.org\/{rel}","templated":true}]}}