{"id":573,"date":"2018-02-05T08:38:30","date_gmt":"2018-02-05T06:38:30","guid":{"rendered":"http:\/\/www.vir.nrw.de\/?p=573"},"modified":"2018-02-05T08:39:14","modified_gmt":"2018-02-05T06:39:14","slug":"integration-junger-gefluechteter-durch-fanprojekte","status":"publish","type":"post","link":"https:\/\/www.vir.nrw.de\/?p=573","title":{"rendered":"Integration junger Gefl\u00fcchteter durch Fanprojekte"},"content":{"rendered":"<p>Die VIR-Trainer Patrick Arnold und H.-Georg L\u00fctzenkirchen haben den Bericht \u201eInitiativen zur Integration junger Gefl\u00fcchteter in Fu\u00dfballfanprojekten\u201c erstellt, den die Landesarbeitsgemeinschaft der Fanprojekte NRW jetzt ver\u00f6ffentlicht hat. Die Brosch\u00fcre gibt einen \u00dcberblick \u00fcber die Aktivit\u00e4ten von sieben Fanprojekten und kommt zu dem Ergebnis, dass die Projekte einen wichtigen \u201ezivilgesellschaftlichen Beitrag f\u00fcr eine nachhaltige Fl\u00fcchtlings- und Integrationspolitik\u201c leisten. Der Bericht enth\u00e4lt Ansprechpartner\/innen bei allen beteiligten Fanprojekten und bei der Landesarbeitsgemeinschaft, Sie finden ihn <a href=\"http:\/\/www.lag-fanprojekte-nrw.de\/downloads\/LAG-refugees-broschuere-201711-screen.pdf\" rel=\"noopener\" target=\"_blank\">hier<\/a>.<\/p>\n","protected":false},"excerpt":{"rendered":"<p>Die VIR-Trainer Patrick Arnold und H.-Georg L\u00fctzenkirchen haben den Bericht \u201eInitiativen zur Integration junger Gefl\u00fcchteter in Fu\u00dfballfanprojekten\u201c erstellt, den die Landesarbeitsgemeinschaft der Fanprojekte NRW jetzt ver\u00f6ffentlicht hat. Die Brosch\u00fcre gibt einen \u00dcberblick \u00fcber die Aktivit\u00e4ten von sieben Fanprojekten und kommt zu dem Ergebnis, dass die Projekte einen wichtigen \u201ezivilgesellschaftlichen Beitrag f\u00fcr eine nachhaltige Fl\u00fcchtlings- und &hellip; <a href=\"https:\/\/www.vir.nrw.de\/?p=573\" class=\"more-link\"><span class=\"screen-reader-text\">Integration junger Gefl\u00fcchteter durch Fanprojekte<\/span> weiterlesen <span class=\"meta-nav\">&rarr;<\/span><\/a><\/p>\n","protected":false},"author":1,"featured_media":0,"comment_status":"closed","ping_status":"closed","sticky":false,"template":"","format":"standard","meta":{"footnotes":""},"categories":[1],"tags":[],"class_list":["post-573","post","type-post","status-publish","format-standard","hentry","category-allgemein"],"_links":{"self":[{"href":"https:\/\/www.vir.nrw.de\/index.php?rest_route=\/wp\/v2\/posts\/573","targetHints":{"allow":["GET"]}}],"collection":[{"href":"https:\/\/www.vir.nrw.de\/index.php?rest_route=\/wp\/v2\/posts"}],"about":[{"href":"https:\/\/www.vir.nrw.de\/index.php?rest_route=\/wp\/v2\/types\/post"}],"author":[{"embeddable":true,"href":"https:\/\/www.vir.nrw.de\/index.php?rest_route=\/wp\/v2\/users\/1"}],"replies":[{"embeddable":true,"href":"https:\/\/www.vir.nrw.de\/index.php?rest_route=%2Fwp%2Fv2%2Fcomments&post=573"}],"version-history":[{"count":2,"href":"https:\/\/www.vir.nrw.de\/index.php?rest_route=\/wp\/v2\/posts\/573\/revisions"}],"predecessor-version":[{"id":575,"href":"https:\/\/www.vir.nrw.de\/index.php?rest_route=\/wp\/v2\/posts\/573\/revisions\/575"}],"wp:attachment":[{"href":"https:\/\/www.vir.nrw.de\/index.php?rest_route=%2Fwp%2Fv2%2Fmedia&parent=573"}],"wp:term":[{"taxonomy":"category","embeddable":true,"href":"https:\/\/www.vir.nrw.de\/index.php?rest_route=%2Fwp%2Fv2%2Fcategories&post=573"},{"taxonomy":"post_tag","embeddable":true,"href":"https:\/\/www.vir.nrw.de\/index.php?rest_route=%2Fwp%2Fv2%2Ftags&post=573"}],"curies":[{"name":"wp","href":"https:\/\/api.w.org\/{rel}","templated":true}]}}