{"id":568,"date":"2018-01-31T12:03:50","date_gmt":"2018-01-31T10:03:50","guid":{"rendered":"http:\/\/www.vir.nrw.de\/?p=568"},"modified":"2018-02-01T16:08:14","modified_gmt":"2018-02-01T14:08:14","slug":"vir-fuer-lehramtsanwaerterinnen-in-rostock","status":"publish","type":"post","link":"https:\/\/www.vir.nrw.de\/?p=568","title":{"rendered":"VIR f\u00fcr Lehramtsanw\u00e4rter\/innen in Rostock"},"content":{"rendered":"<p>An drei Tagen von Oktober 2017 bis Januar 2018 fand an der Universit\u00e4t Rostock zum ersten Mal eine VIR-Fortbildung f\u00fcr Lehramtsanw\u00e4rterinnen und Lehramtsanw\u00e4rter statt. Teilgenommen haben 16 Sonderp\u00e4dagoginnen und -p\u00e4dagogen, die an Schulen mit verschiedenen F\u00f6rderschwerpunkten t\u00e4tig sind. Die Veranstaltung wurde geleitet von den VIR-Trainern Volker Haase und Mich\u00e9l Murawa (Berater im Programm \u201eJUMP \u2013 Ausstiegsarbeit in Mecklenburg-Vorpommern\u201c).<\/p>\n","protected":false},"excerpt":{"rendered":"<p>An drei Tagen von Oktober 2017 bis Januar 2018 fand an der Universit\u00e4t Rostock zum ersten Mal eine VIR-Fortbildung f\u00fcr Lehramtsanw\u00e4rterinnen und Lehramtsanw\u00e4rter statt. Teilgenommen haben 16 Sonderp\u00e4dagoginnen und -p\u00e4dagogen, die an Schulen mit verschiedenen F\u00f6rderschwerpunkten t\u00e4tig sind. Die Veranstaltung wurde geleitet von den VIR-Trainern Volker Haase und Mich\u00e9l Murawa (Berater im Programm \u201eJUMP \u2013 &hellip; <a href=\"https:\/\/www.vir.nrw.de\/?p=568\" class=\"more-link\"><span class=\"screen-reader-text\">VIR f\u00fcr Lehramtsanw\u00e4rter\/innen in Rostock<\/span> weiterlesen <span class=\"meta-nav\">&rarr;<\/span><\/a><\/p>\n","protected":false},"author":1,"featured_media":0,"comment_status":"closed","ping_status":"closed","sticky":false,"template":"","format":"standard","meta":{"footnotes":""},"categories":[1],"tags":[],"class_list":["post-568","post","type-post","status-publish","format-standard","hentry","category-allgemein"],"_links":{"self":[{"href":"https:\/\/www.vir.nrw.de\/index.php?rest_route=\/wp\/v2\/posts\/568","targetHints":{"allow":["GET"]}}],"collection":[{"href":"https:\/\/www.vir.nrw.de\/index.php?rest_route=\/wp\/v2\/posts"}],"about":[{"href":"https:\/\/www.vir.nrw.de\/index.php?rest_route=\/wp\/v2\/types\/post"}],"author":[{"embeddable":true,"href":"https:\/\/www.vir.nrw.de\/index.php?rest_route=\/wp\/v2\/users\/1"}],"replies":[{"embeddable":true,"href":"https:\/\/www.vir.nrw.de\/index.php?rest_route=%2Fwp%2Fv2%2Fcomments&post=568"}],"version-history":[{"count":2,"href":"https:\/\/www.vir.nrw.de\/index.php?rest_route=\/wp\/v2\/posts\/568\/revisions"}],"predecessor-version":[{"id":572,"href":"https:\/\/www.vir.nrw.de\/index.php?rest_route=\/wp\/v2\/posts\/568\/revisions\/572"}],"wp:attachment":[{"href":"https:\/\/www.vir.nrw.de\/index.php?rest_route=%2Fwp%2Fv2%2Fmedia&parent=568"}],"wp:term":[{"taxonomy":"category","embeddable":true,"href":"https:\/\/www.vir.nrw.de\/index.php?rest_route=%2Fwp%2Fv2%2Fcategories&post=568"},{"taxonomy":"post_tag","embeddable":true,"href":"https:\/\/www.vir.nrw.de\/index.php?rest_route=%2Fwp%2Fv2%2Ftags&post=568"}],"curies":[{"name":"wp","href":"https:\/\/api.w.org\/{rel}","templated":true}]}}