{"id":519,"date":"2017-10-06T08:11:17","date_gmt":"2017-10-06T06:11:17","guid":{"rendered":"http:\/\/www.vir.nrw.de\/?p=519"},"modified":"2017-10-06T08:11:17","modified_gmt":"2017-10-06T06:11:17","slug":"18-neue-vir-trainerinnen","status":"publish","type":"post","link":"https:\/\/www.vir.nrw.de\/?p=519","title":{"rendered":"18 neue VIR-Trainer\/innen"},"content":{"rendered":"<p>In Bielefeld hat vom 25. bis zum 28. September die f\u00fcnfte VIR-Trainerinnen- und Trainer-Ausbildung stattgefunden. Ausgebildet wurden 18 Trainer\/innen aus Nordrhein-Westfalen, Berlin und Th\u00fcringen. Sie sind beispielsweise in Fu\u00dfball-Fanprojekten, in Ausstiegshilfen f\u00fcr Rechtsextremisten, weiteren Pr\u00e4ventionsprogrammen, in der Bew\u00e4hrungshilfe und offenen Jugendarbeit t\u00e4tig. Kurzprofile dieser Trainer\/innen und Kontaktm\u00f6glichkeiten finden Sie in K\u00fcrze <a href=\"http:\/\/www.vir.nrw.de\/?page_id=242\">hier<\/a>.<\/p>\n","protected":false},"excerpt":{"rendered":"<p>In Bielefeld hat vom 25. bis zum 28. September die f\u00fcnfte VIR-Trainerinnen- und Trainer-Ausbildung stattgefunden. Ausgebildet wurden 18 Trainer\/innen aus Nordrhein-Westfalen, Berlin und Th\u00fcringen. Sie sind beispielsweise in Fu\u00dfball-Fanprojekten, in Ausstiegshilfen f\u00fcr Rechtsextremisten, weiteren Pr\u00e4ventionsprogrammen, in der Bew\u00e4hrungshilfe und offenen Jugendarbeit t\u00e4tig. Kurzprofile dieser Trainer\/innen und Kontaktm\u00f6glichkeiten finden Sie in K\u00fcrze hier.<\/p>\n","protected":false},"author":1,"featured_media":0,"comment_status":"closed","ping_status":"closed","sticky":false,"template":"","format":"standard","meta":{"footnotes":""},"categories":[1],"tags":[],"class_list":["post-519","post","type-post","status-publish","format-standard","hentry","category-allgemein"],"_links":{"self":[{"href":"https:\/\/www.vir.nrw.de\/index.php?rest_route=\/wp\/v2\/posts\/519","targetHints":{"allow":["GET"]}}],"collection":[{"href":"https:\/\/www.vir.nrw.de\/index.php?rest_route=\/wp\/v2\/posts"}],"about":[{"href":"https:\/\/www.vir.nrw.de\/index.php?rest_route=\/wp\/v2\/types\/post"}],"author":[{"embeddable":true,"href":"https:\/\/www.vir.nrw.de\/index.php?rest_route=\/wp\/v2\/users\/1"}],"replies":[{"embeddable":true,"href":"https:\/\/www.vir.nrw.de\/index.php?rest_route=%2Fwp%2Fv2%2Fcomments&post=519"}],"version-history":[{"count":1,"href":"https:\/\/www.vir.nrw.de\/index.php?rest_route=\/wp\/v2\/posts\/519\/revisions"}],"predecessor-version":[{"id":520,"href":"https:\/\/www.vir.nrw.de\/index.php?rest_route=\/wp\/v2\/posts\/519\/revisions\/520"}],"wp:attachment":[{"href":"https:\/\/www.vir.nrw.de\/index.php?rest_route=%2Fwp%2Fv2%2Fmedia&parent=519"}],"wp:term":[{"taxonomy":"category","embeddable":true,"href":"https:\/\/www.vir.nrw.de\/index.php?rest_route=%2Fwp%2Fv2%2Fcategories&post=519"},{"taxonomy":"post_tag","embeddable":true,"href":"https:\/\/www.vir.nrw.de\/index.php?rest_route=%2Fwp%2Fv2%2Ftags&post=519"}],"curies":[{"name":"wp","href":"https:\/\/api.w.org\/{rel}","templated":true}]}}