{"id":492,"date":"2017-04-03T13:42:28","date_gmt":"2017-04-03T11:42:28","guid":{"rendered":"http:\/\/www.vir.nrw.de\/?p=492"},"modified":"2017-04-03T13:43:43","modified_gmt":"2017-04-03T11:43:43","slug":"vir-auf-dem-deutschen-kinder-und-jugendhilfetag","status":"publish","type":"post","link":"https:\/\/www.vir.nrw.de\/?p=492","title":{"rendered":"VIR auf dem Deutschen Kinder- und Jugendhilfetag"},"content":{"rendered":"<p>Gro\u00dfes Interesse fand die Projektpr\u00e4sentation, die das Ministerium f\u00fcr Inneres und Kommunales NRW und der Arbeitskreis der Ruhrgebietsst\u00e4dte gegen rechtsextreme Tendenzen bei Jugendlichen (AK Ruhr) am 30. M\u00e4rz gemeinsam auf dem 16. Deutschen Kinder- und Jugendhilfetag in D\u00fcsseldorf veranstaltet haben. Unter dem Motto \u201eAufkl\u00e4rung st\u00e4rken \u2013 Distanzierung f\u00f6rdern \u2013 Ausstieg begleiten\u201c standen drei Projekte und Ma\u00dfnahmen im Mittelpunkt: das VIR-Projekt, das Aussteigerprogramm f\u00fcr Rechtsextremisten und die Publikation \u201eErlebniswelt Rechtsextremismus\u201c, die 2017 in aktualisierter f\u00fcnfter Auflage erscheint.<\/p>\n<p><a href=\"http:\/\/www.aussteiger.nrw.de\/wp\/\">Aussteigerprogramm f\u00fcr Rechtsextremisten\u00a0<\/a><br \/>\n<a href=\"http:\/\/www.mik.nrw.de\/verfassungsschutz\/publikationen\/broschueren\/erlebniswelt-rechtsextremismus.html\">&#8222;Erlebniswelt Rechtsextremismus&#8220;<\/a><\/p>\n","protected":false},"excerpt":{"rendered":"<p>Gro\u00dfes Interesse fand die Projektpr\u00e4sentation, die das Ministerium f\u00fcr Inneres und Kommunales NRW und der Arbeitskreis der Ruhrgebietsst\u00e4dte gegen rechtsextreme Tendenzen bei Jugendlichen (AK Ruhr) am 30. M\u00e4rz gemeinsam auf dem 16. Deutschen Kinder- und Jugendhilfetag in D\u00fcsseldorf veranstaltet haben. Unter dem Motto \u201eAufkl\u00e4rung st\u00e4rken \u2013 Distanzierung f\u00f6rdern \u2013 Ausstieg begleiten\u201c standen drei Projekte und &hellip; <a href=\"https:\/\/www.vir.nrw.de\/?p=492\" class=\"more-link\"><span class=\"screen-reader-text\">VIR auf dem Deutschen Kinder- und Jugendhilfetag<\/span> weiterlesen <span class=\"meta-nav\">&rarr;<\/span><\/a><\/p>\n","protected":false},"author":1,"featured_media":0,"comment_status":"closed","ping_status":"closed","sticky":false,"template":"","format":"standard","meta":{"footnotes":""},"categories":[1],"tags":[],"class_list":["post-492","post","type-post","status-publish","format-standard","hentry","category-allgemein"],"_links":{"self":[{"href":"https:\/\/www.vir.nrw.de\/index.php?rest_route=\/wp\/v2\/posts\/492","targetHints":{"allow":["GET"]}}],"collection":[{"href":"https:\/\/www.vir.nrw.de\/index.php?rest_route=\/wp\/v2\/posts"}],"about":[{"href":"https:\/\/www.vir.nrw.de\/index.php?rest_route=\/wp\/v2\/types\/post"}],"author":[{"embeddable":true,"href":"https:\/\/www.vir.nrw.de\/index.php?rest_route=\/wp\/v2\/users\/1"}],"replies":[{"embeddable":true,"href":"https:\/\/www.vir.nrw.de\/index.php?rest_route=%2Fwp%2Fv2%2Fcomments&post=492"}],"version-history":[{"count":3,"href":"https:\/\/www.vir.nrw.de\/index.php?rest_route=\/wp\/v2\/posts\/492\/revisions"}],"predecessor-version":[{"id":495,"href":"https:\/\/www.vir.nrw.de\/index.php?rest_route=\/wp\/v2\/posts\/492\/revisions\/495"}],"wp:attachment":[{"href":"https:\/\/www.vir.nrw.de\/index.php?rest_route=%2Fwp%2Fv2%2Fmedia&parent=492"}],"wp:term":[{"taxonomy":"category","embeddable":true,"href":"https:\/\/www.vir.nrw.de\/index.php?rest_route=%2Fwp%2Fv2%2Fcategories&post=492"},{"taxonomy":"post_tag","embeddable":true,"href":"https:\/\/www.vir.nrw.de\/index.php?rest_route=%2Fwp%2Fv2%2Ftags&post=492"}],"curies":[{"name":"wp","href":"https:\/\/api.w.org\/{rel}","templated":true}]}}