{"id":473,"date":"2017-03-14T15:42:24","date_gmt":"2017-03-14T13:42:24","guid":{"rendered":"http:\/\/www.vir.nrw.de\/?p=473"},"modified":"2017-03-16T19:38:12","modified_gmt":"2017-03-16T17:38:12","slug":"ausbildung-2017-anmeldungen-ab-sofort-moeglich","status":"publish","type":"post","link":"https:\/\/www.vir.nrw.de\/?p=473","title":{"rendered":"Ausbildung 2017: Anmeldungen ab sofort m\u00f6glich"},"content":{"rendered":"<p>Ab sofort k\u00f6nnen sich Interessierte f\u00fcr die Trainer\/innen-Ausbildung 2017 in Bielefeld anmelden. Die Ausbildung wird durch die Bundeszentrale f\u00fcr politische Bildung begleitet. Sie richtet sich zum ersten Mal gleicherma\u00dfen an Teilnehmende aus NRW und aus allen anderen Bundesl\u00e4ndern. <a href=\"http:\/\/www.vir.nrw.de\/wp-content\/uploads\/VIR_Trainerausbildung_2017.pdf\" target=\"_blank\">Informationsfaltblatt zur Trainer\/innen-Ausbildung<\/a> (PDF-Datei)<\/p>\n","protected":false},"excerpt":{"rendered":"<p>Ab sofort k\u00f6nnen sich Interessierte f\u00fcr die Trainer\/innen-Ausbildung 2017 in Bielefeld anmelden. Die Ausbildung wird durch die Bundeszentrale f\u00fcr politische Bildung begleitet. Sie richtet sich zum ersten Mal gleicherma\u00dfen an Teilnehmende aus NRW und aus allen anderen Bundesl\u00e4ndern. Informationsfaltblatt zur Trainer\/innen-Ausbildung (PDF-Datei)<\/p>\n","protected":false},"author":1,"featured_media":0,"comment_status":"closed","ping_status":"closed","sticky":false,"template":"","format":"standard","meta":{"footnotes":""},"categories":[1],"tags":[],"class_list":["post-473","post","type-post","status-publish","format-standard","hentry","category-allgemein"],"_links":{"self":[{"href":"https:\/\/www.vir.nrw.de\/index.php?rest_route=\/wp\/v2\/posts\/473","targetHints":{"allow":["GET"]}}],"collection":[{"href":"https:\/\/www.vir.nrw.de\/index.php?rest_route=\/wp\/v2\/posts"}],"about":[{"href":"https:\/\/www.vir.nrw.de\/index.php?rest_route=\/wp\/v2\/types\/post"}],"author":[{"embeddable":true,"href":"https:\/\/www.vir.nrw.de\/index.php?rest_route=\/wp\/v2\/users\/1"}],"replies":[{"embeddable":true,"href":"https:\/\/www.vir.nrw.de\/index.php?rest_route=%2Fwp%2Fv2%2Fcomments&post=473"}],"version-history":[{"count":4,"href":"https:\/\/www.vir.nrw.de\/index.php?rest_route=\/wp\/v2\/posts\/473\/revisions"}],"predecessor-version":[{"id":478,"href":"https:\/\/www.vir.nrw.de\/index.php?rest_route=\/wp\/v2\/posts\/473\/revisions\/478"}],"wp:attachment":[{"href":"https:\/\/www.vir.nrw.de\/index.php?rest_route=%2Fwp%2Fv2%2Fmedia&parent=473"}],"wp:term":[{"taxonomy":"category","embeddable":true,"href":"https:\/\/www.vir.nrw.de\/index.php?rest_route=%2Fwp%2Fv2%2Fcategories&post=473"},{"taxonomy":"post_tag","embeddable":true,"href":"https:\/\/www.vir.nrw.de\/index.php?rest_route=%2Fwp%2Fv2%2Ftags&post=473"}],"curies":[{"name":"wp","href":"https:\/\/api.w.org\/{rel}","templated":true}]}}