{"id":467,"date":"2017-03-03T17:35:25","date_gmt":"2017-03-03T15:35:25","guid":{"rendered":"http:\/\/www.vir.nrw.de\/?p=467"},"modified":"2017-03-03T17:35:25","modified_gmt":"2017-03-03T15:35:25","slug":"trainerinnen-ausbildung-2017","status":"publish","type":"post","link":"https:\/\/www.vir.nrw.de\/?p=467","title":{"rendered":"Trainer\/innen-Ausbildung 2017"},"content":{"rendered":"<p>Vom 25. bis 28. September 2017 findet im Jugendg\u00e4stehaus Bielefeld die n\u00e4chste Trainer\/innen-Ausbildung im VIR-Projekt statt. N\u00e4here Informationen stellen wir in K\u00fcrze auf dieser Website zur Verf\u00fcgung.<\/p>\n","protected":false},"excerpt":{"rendered":"<p>Vom 25. bis 28. September 2017 findet im Jugendg\u00e4stehaus Bielefeld die n\u00e4chste Trainer\/innen-Ausbildung im VIR-Projekt statt. N\u00e4here Informationen stellen wir in K\u00fcrze auf dieser Website zur Verf\u00fcgung.<\/p>\n","protected":false},"author":1,"featured_media":0,"comment_status":"closed","ping_status":"closed","sticky":false,"template":"","format":"standard","meta":{"footnotes":""},"categories":[1],"tags":[],"class_list":["post-467","post","type-post","status-publish","format-standard","hentry","category-allgemein"],"_links":{"self":[{"href":"https:\/\/www.vir.nrw.de\/index.php?rest_route=\/wp\/v2\/posts\/467","targetHints":{"allow":["GET"]}}],"collection":[{"href":"https:\/\/www.vir.nrw.de\/index.php?rest_route=\/wp\/v2\/posts"}],"about":[{"href":"https:\/\/www.vir.nrw.de\/index.php?rest_route=\/wp\/v2\/types\/post"}],"author":[{"embeddable":true,"href":"https:\/\/www.vir.nrw.de\/index.php?rest_route=\/wp\/v2\/users\/1"}],"replies":[{"embeddable":true,"href":"https:\/\/www.vir.nrw.de\/index.php?rest_route=%2Fwp%2Fv2%2Fcomments&post=467"}],"version-history":[{"count":1,"href":"https:\/\/www.vir.nrw.de\/index.php?rest_route=\/wp\/v2\/posts\/467\/revisions"}],"predecessor-version":[{"id":468,"href":"https:\/\/www.vir.nrw.de\/index.php?rest_route=\/wp\/v2\/posts\/467\/revisions\/468"}],"wp:attachment":[{"href":"https:\/\/www.vir.nrw.de\/index.php?rest_route=%2Fwp%2Fv2%2Fmedia&parent=467"}],"wp:term":[{"taxonomy":"category","embeddable":true,"href":"https:\/\/www.vir.nrw.de\/index.php?rest_route=%2Fwp%2Fv2%2Fcategories&post=467"},{"taxonomy":"post_tag","embeddable":true,"href":"https:\/\/www.vir.nrw.de\/index.php?rest_route=%2Fwp%2Fv2%2Ftags&post=467"}],"curies":[{"name":"wp","href":"https:\/\/api.w.org\/{rel}","templated":true}]}}