{"id":399,"date":"2016-10-10T15:01:44","date_gmt":"2016-10-10T13:01:44","guid":{"rendered":"http:\/\/www.vir.nrw.de\/?p=399"},"modified":"2016-10-10T15:01:44","modified_gmt":"2016-10-10T13:01:44","slug":"weitere-trainerinnen-ausgebildet","status":"publish","type":"post","link":"https:\/\/www.vir.nrw.de\/?p=399","title":{"rendered":"Weitere Trainer\/innen ausgebildet"},"content":{"rendered":"<p>In Marienheide hat im September die vierte VIR-Trainer\/innen-Ausbildung stattgefunden. Die neuen Trainer\/innen kommen aus NRW, Hessen und Schleswig-Holstein, sie sind beispielsweise im Sozialdienst der Justizvollzugsanstalten t\u00e4tig, in Ausstiegshilfen f\u00fcr Rechtsextremisten und in der offenen Jugendarbeit. Kurzprofile dieser Trainer\/innen und Kontaktm\u00f6glichkeiten erg\u00e4nzen wir in K\u00fcrze <a href=\"http:\/\/www.vir.nrw.de\/?page_id=242\">hier<\/a>.<\/p>\n","protected":false},"excerpt":{"rendered":"<p>In Marienheide hat im September die vierte VIR-Trainer\/innen-Ausbildung stattgefunden. Die neuen Trainer\/innen kommen aus NRW, Hessen und Schleswig-Holstein, sie sind beispielsweise im Sozialdienst der Justizvollzugsanstalten t\u00e4tig, in Ausstiegshilfen f\u00fcr Rechtsextremisten und in der offenen Jugendarbeit. Kurzprofile dieser Trainer\/innen und Kontaktm\u00f6glichkeiten erg\u00e4nzen wir in K\u00fcrze hier.<\/p>\n","protected":false},"author":1,"featured_media":0,"comment_status":"closed","ping_status":"closed","sticky":false,"template":"","format":"standard","meta":{"footnotes":""},"categories":[1],"tags":[],"class_list":["post-399","post","type-post","status-publish","format-standard","hentry","category-allgemein"],"_links":{"self":[{"href":"https:\/\/www.vir.nrw.de\/index.php?rest_route=\/wp\/v2\/posts\/399","targetHints":{"allow":["GET"]}}],"collection":[{"href":"https:\/\/www.vir.nrw.de\/index.php?rest_route=\/wp\/v2\/posts"}],"about":[{"href":"https:\/\/www.vir.nrw.de\/index.php?rest_route=\/wp\/v2\/types\/post"}],"author":[{"embeddable":true,"href":"https:\/\/www.vir.nrw.de\/index.php?rest_route=\/wp\/v2\/users\/1"}],"replies":[{"embeddable":true,"href":"https:\/\/www.vir.nrw.de\/index.php?rest_route=%2Fwp%2Fv2%2Fcomments&post=399"}],"version-history":[{"count":1,"href":"https:\/\/www.vir.nrw.de\/index.php?rest_route=\/wp\/v2\/posts\/399\/revisions"}],"predecessor-version":[{"id":400,"href":"https:\/\/www.vir.nrw.de\/index.php?rest_route=\/wp\/v2\/posts\/399\/revisions\/400"}],"wp:attachment":[{"href":"https:\/\/www.vir.nrw.de\/index.php?rest_route=%2Fwp%2Fv2%2Fmedia&parent=399"}],"wp:term":[{"taxonomy":"category","embeddable":true,"href":"https:\/\/www.vir.nrw.de\/index.php?rest_route=%2Fwp%2Fv2%2Fcategories&post=399"},{"taxonomy":"post_tag","embeddable":true,"href":"https:\/\/www.vir.nrw.de\/index.php?rest_route=%2Fwp%2Fv2%2Ftags&post=399"}],"curies":[{"name":"wp","href":"https:\/\/api.w.org\/{rel}","templated":true}]}}