{"id":312,"date":"2016-03-09T10:08:33","date_gmt":"2016-03-09T08:08:33","guid":{"rendered":"http:\/\/www.vir.nrw.de\/?p=312"},"modified":"2016-03-21T14:48:04","modified_gmt":"2016-03-21T12:48:04","slug":"vir-trainerinnen-ausbildung-2016","status":"publish","type":"post","link":"https:\/\/www.vir.nrw.de\/?p=312","title":{"rendered":"VIR-Trainer\/innen-Ausbildung 2016"},"content":{"rendered":"<p>Vom 27. bis 30. September 2016 findet in Marienheide im Bergischen Land die n\u00e4chste Trainer\/innen-Ausbildung im VIR-Projekt statt. VIR ist ein Konzept, um Ver\u00e4nderungen im Denken und Handeln bei rechtsorientierten Jugendlichen und jungen Erwachsenen zu f\u00f6rdern. N\u00e4here Informationen zur Trainer\/innen-Ausbildung finden Sie <a href=\"http:\/\/www.vir.nrw.de\/wp-content\/uploads\/VIR_Flyer_2016_web.pdf\">hier.<\/a><\/p>\n","protected":false},"excerpt":{"rendered":"<p>Vom 27. bis 30. September 2016 findet in Marienheide im Bergischen Land die n\u00e4chste Trainer\/innen-Ausbildung im VIR-Projekt statt. VIR ist ein Konzept, um Ver\u00e4nderungen im Denken und Handeln bei rechtsorientierten Jugendlichen und jungen Erwachsenen zu f\u00f6rdern. N\u00e4here Informationen zur Trainer\/innen-Ausbildung finden Sie hier.<\/p>\n","protected":false},"author":1,"featured_media":0,"comment_status":"closed","ping_status":"closed","sticky":false,"template":"","format":"standard","meta":{"footnotes":""},"categories":[1],"tags":[],"class_list":["post-312","post","type-post","status-publish","format-standard","hentry","category-allgemein"],"_links":{"self":[{"href":"https:\/\/www.vir.nrw.de\/index.php?rest_route=\/wp\/v2\/posts\/312","targetHints":{"allow":["GET"]}}],"collection":[{"href":"https:\/\/www.vir.nrw.de\/index.php?rest_route=\/wp\/v2\/posts"}],"about":[{"href":"https:\/\/www.vir.nrw.de\/index.php?rest_route=\/wp\/v2\/types\/post"}],"author":[{"embeddable":true,"href":"https:\/\/www.vir.nrw.de\/index.php?rest_route=\/wp\/v2\/users\/1"}],"replies":[{"embeddable":true,"href":"https:\/\/www.vir.nrw.de\/index.php?rest_route=%2Fwp%2Fv2%2Fcomments&post=312"}],"version-history":[{"count":6,"href":"https:\/\/www.vir.nrw.de\/index.php?rest_route=\/wp\/v2\/posts\/312\/revisions"}],"predecessor-version":[{"id":320,"href":"https:\/\/www.vir.nrw.de\/index.php?rest_route=\/wp\/v2\/posts\/312\/revisions\/320"}],"wp:attachment":[{"href":"https:\/\/www.vir.nrw.de\/index.php?rest_route=%2Fwp%2Fv2%2Fmedia&parent=312"}],"wp:term":[{"taxonomy":"category","embeddable":true,"href":"https:\/\/www.vir.nrw.de\/index.php?rest_route=%2Fwp%2Fv2%2Fcategories&post=312"},{"taxonomy":"post_tag","embeddable":true,"href":"https:\/\/www.vir.nrw.de\/index.php?rest_route=%2Fwp%2Fv2%2Ftags&post=312"}],"curies":[{"name":"wp","href":"https:\/\/api.w.org\/{rel}","templated":true}]}}