{"id":297,"date":"2015-10-12T19:13:21","date_gmt":"2015-10-12T17:13:21","guid":{"rendered":"http:\/\/www.vir.nrw.de\/?p=297"},"modified":"2015-10-12T21:17:59","modified_gmt":"2015-10-12T19:17:59","slug":"vir-fortbildung-in-gevelsberg","status":"publish","type":"post","link":"https:\/\/www.vir.nrw.de\/?p=297","title":{"rendered":"VIR-Fortbildung in Gevelsberg"},"content":{"rendered":"<p>Im Rahmen der Gevelsberger Aktionswoche gegen Rassismus und Fremdenfeindlichkeit findet vom 12. bis 14. November 2015 eine VIR-Fortbildung f\u00fcr Fachkr\u00e4fte und ehrenamtlich Engagierte statt. N\u00e4heres und die Kontaktm\u00f6glichkeiten zur Anmeldung finden Sie <a href=\"http:\/\/www.vir.nrw.de\/wp-content\/uploads\/VIR-Fortbildung-November-2015.pdf\" target=\"_blank\">hier<\/a> (PDF-Dokument, 542 KB).<\/p>\n","protected":false},"excerpt":{"rendered":"<p>Im Rahmen der Gevelsberger Aktionswoche gegen Rassismus und Fremdenfeindlichkeit findet vom 12. bis 14. November 2015 eine VIR-Fortbildung f\u00fcr Fachkr\u00e4fte und ehrenamtlich Engagierte statt. N\u00e4heres und die Kontaktm\u00f6glichkeiten zur Anmeldung finden Sie hier (PDF-Dokument, 542 KB).<\/p>\n","protected":false},"author":1,"featured_media":0,"comment_status":"closed","ping_status":"closed","sticky":false,"template":"","format":"standard","meta":{"footnotes":""},"categories":[1],"tags":[],"class_list":["post-297","post","type-post","status-publish","format-standard","hentry","category-allgemein"],"_links":{"self":[{"href":"https:\/\/www.vir.nrw.de\/index.php?rest_route=\/wp\/v2\/posts\/297","targetHints":{"allow":["GET"]}}],"collection":[{"href":"https:\/\/www.vir.nrw.de\/index.php?rest_route=\/wp\/v2\/posts"}],"about":[{"href":"https:\/\/www.vir.nrw.de\/index.php?rest_route=\/wp\/v2\/types\/post"}],"author":[{"embeddable":true,"href":"https:\/\/www.vir.nrw.de\/index.php?rest_route=\/wp\/v2\/users\/1"}],"replies":[{"embeddable":true,"href":"https:\/\/www.vir.nrw.de\/index.php?rest_route=%2Fwp%2Fv2%2Fcomments&post=297"}],"version-history":[{"count":4,"href":"https:\/\/www.vir.nrw.de\/index.php?rest_route=\/wp\/v2\/posts\/297\/revisions"}],"predecessor-version":[{"id":302,"href":"https:\/\/www.vir.nrw.de\/index.php?rest_route=\/wp\/v2\/posts\/297\/revisions\/302"}],"wp:attachment":[{"href":"https:\/\/www.vir.nrw.de\/index.php?rest_route=%2Fwp%2Fv2%2Fmedia&parent=297"}],"wp:term":[{"taxonomy":"category","embeddable":true,"href":"https:\/\/www.vir.nrw.de\/index.php?rest_route=%2Fwp%2Fv2%2Fcategories&post=297"},{"taxonomy":"post_tag","embeddable":true,"href":"https:\/\/www.vir.nrw.de\/index.php?rest_route=%2Fwp%2Fv2%2Ftags&post=297"}],"curies":[{"name":"wp","href":"https:\/\/api.w.org\/{rel}","templated":true}]}}